{"id":1330,"date":"2023-11-20T09:39:34","date_gmt":"2023-11-20T08:39:34","guid":{"rendered":"https:\/\/www.thomas-sommer.at\/blog\/?p=1330"},"modified":"2023-12-28T17:40:02","modified_gmt":"2023-12-28T16:40:02","slug":"warum-personal-branding-positionierung","status":"publish","type":"post","link":"https:\/\/www.thomas-sommer.at\/blog\/warum-personal-branding-positionierung\/","title":{"rendered":"Warum Personal Branding und Positionierung entscheidend sind!"},"content":{"rendered":"\n<div class=\"wp-block-group blogbgnocolor is-layout-constrained wp-block-group-is-layout-constrained\"><div class=\"wp-block-group__inner-container\">\n<p><strong>W\u00e4hrend die Positionierung l\u00e4ngst ein fester Marketing-Bestandteil ist, sind sich beim Personal Branding viele (Solo-)Selbstst\u00e4ndige unsicher:&nbsp;<\/strong><\/p>\n\n\n\n<p><strong>Vor allem, weil sich alle m\u00f6glichen Dienstleister und Experten dieses Thema auf die Fahnen geschrieben haben \u2013 von der Designerin bis zum Fotografen, alle machen was f\u00fcr &#8222;Personal Brands&#8220; \u2013 also Personenmarken.<\/strong><\/p>\n\n\n\n<p><strong>Ist die Personal Brand also nur ein Modewort und Marketing-Trend? Oder doch ein wichtiger Bestandteil bei deiner Vermarktung&nbsp;und ein Erfolgsfaktor f\u00fcr deine Selbstst\u00e4ndigkeit?<\/strong><\/p>\n\n\n\n<p><strong>In diesem Artikel erf\u00e4hrst du:<\/strong><\/p>\n\n\n\n<ul class=\"intro01\">\n<li><a href=\"#iv1\">Warum Personal Branding und Positionierung so wichtig \u2013 und kein Hype \u2013 sind<\/a><\/li>\n\n\n\n<li><a href=\"#iv2\">Warum Kunden in Schubladen denken und du davon profitierst<\/a><\/li>\n\n\n\n<li><a href=\"#iv3\">Was potenzielle Kunden von deiner Personal Brand und Positionierung haben<\/a><\/li>\n\n\n\n<li><a href=\"#iv4\">Warum der erste Eindruck so wichtig ist<\/a><\/li>\n\n\n\n<li><a href=\"#iv5\">Welche Vorteile du hast, wenn du eine Pers\u00f6nlichkeitsmarke und Positionierung nutzt<\/a><\/li>\n\n\n\n<li><a href=\"#iv6\">Warum Positionierung und Personal Branding die Grundlage f\u00fcr dein Marketing sind<\/a><\/li>\n\n\n\n<li><a href=\"#iv7\">Womit du bei Personal Branding und Positionierung beginnen solltest<\/a><\/li>\n\n\n\n<li><a href=\"#iv8\">Warum du Personal Branding und Positionierung f\u00fcr dein Alleinstellungsmerkmal (USP) brauchst<\/a><\/li>\n<\/ul>\n<\/div><\/div>\n\n\n\n<p><\/p>\n\n\n\n<div class=\"wp-block-group blogbgnocolor is-layout-constrained wp-block-group-is-layout-constrained\"><div class=\"wp-block-group__inner-container\">\n<h2 class=\"wp-block-heading\" id=\"iv1\">Warum sind Positionierung und Personal Branding so wichtig?<\/h2>\n\n\n\n<p>\u201eDu brauchst eine <strong><a href=\"https:\/\/www.thomas-sommer.at\/blog\/spitze-positionierung-nische\/\">spitze Positionierung<\/a><\/strong> und ein <strong>authentisches <a href=\"https:\/\/www.thomas-sommer.at\/blog\/personal-branding-personenmarke\/\">Personal Branding<\/a><\/strong>!\u201c Vielleicht hast du diesen Satz ja auch schon mal gelesen oder geh\u00f6rt.&nbsp;<\/p>\n\n\n\n<p>Aber ist das nur ein Marketing-Hype? Oder doch verdammt wichtig f\u00fcr dich als Coach, Berater, Dienstleister oder Handwerker?<\/p>\n\n\n\n<p>Um es kurz zu machen:<\/p>\n\n\n\n<p>Ja, das Thema Personal Brand wird aktuell ziemlich gehyped. Und so wie die Begriffe Positionierung und Nische ziemlich inflation\u00e4r verwendet.<\/p>\n\n\n\n<p>Aber &#8230;<\/p>\n\n\n\n<blockquote class=\"wp-block-quote\">\n<p>deine Pers\u00f6nlichkeitsmarke UND dass du dich klar am Markt positionierst&nbsp;sind die Grundlage f\u00fcr deine ganze Selbstst\u00e4ndigkeit!<\/p>\n<\/blockquote>\n\n\n\n<p>Sie sind kein kurzweiliger&nbsp;Trend, kein nice-to-have.<\/p>\n\n\n\n<p>Sondern <strong>ma\u00dfgebend<\/strong> und <strong>erfolgsentscheidend<\/strong> f\u00fcr alle Unternehmen \u2013 auch f<strong>\u00fcr dich als (Solo-)Selbstst\u00e4ndige*r<\/strong>!<\/p>\n\n\n\n<p>Darf ich dir in diesem Zusammenhang ein Geheimnis verraten? Ein <strong>authentisches Personal Branding<\/strong> und eine <strong>klare Positionierung geh\u00f6ren<\/strong> <strong>zusammen<\/strong>. So wie Salz und Pfeffer.<\/p>\n\n\n\n<figure class=\"wp-block-image size-large is-resized blogimage imgblogborder\"><img loading=\"lazy\" decoding=\"async\" width=\"1024\" height=\"202\" src=\"https:\/\/www.thomas-sommer.at\/blog\/wp-content\/uploads\/2023\/11\/Thomas-Sommer-.Positionierung-Personal-Branding-Alleinstellungsmerkmal-warum2024_01-1024x202.jpg\" alt=\"\" class=\"wp-image-1402\" style=\"width:840px;height:auto\" srcset=\"https:\/\/www.thomas-sommer.at\/blog\/wp-content\/uploads\/2023\/11\/Thomas-Sommer-.Positionierung-Personal-Branding-Alleinstellungsmerkmal-warum2024_01-1024x202.jpg 1024w, https:\/\/www.thomas-sommer.at\/blog\/wp-content\/uploads\/2023\/11\/Thomas-Sommer-.Positionierung-Personal-Branding-Alleinstellungsmerkmal-warum2024_01-300x59.jpg 300w, https:\/\/www.thomas-sommer.at\/blog\/wp-content\/uploads\/2023\/11\/Thomas-Sommer-.Positionierung-Personal-Branding-Alleinstellungsmerkmal-warum2024_01-768x152.jpg 768w, https:\/\/www.thomas-sommer.at\/blog\/wp-content\/uploads\/2023\/11\/Thomas-Sommer-.Positionierung-Personal-Branding-Alleinstellungsmerkmal-warum2024_01.jpg 1280w\" sizes=\"(max-width: 1024px) 100vw, 1024px\" \/><figcaption class=\"wp-element-caption\">Positionierung und Personal Branding gehen Hand in Hand<\/figcaption><\/figure>\n\n\n\n<p><p>Sie sind die wichtigsten Werkzeuge, wenn es darum geht, ein solides Business zu schaffen, sichtbar zu werden, neue Kunden zu gewinnen, sie von dir zu \u00fcberzeugen und schlussendlich zu verkaufen.<\/p>\n<p>Mit deiner Personal Brand zeigst du deine Person als Marke \u2013 du entwickelst dich selbst als starke Marke. Aber eben <strong>nicht<\/strong> als <strong>anonyme<\/strong> <strong>Unternehmensmarke<\/strong>, sondern als <strong>echte, greifbare und vor allem pers\u00f6nliche Marke<\/strong>, weil eben deine <strong>Pers\u00f6nlichkeit<\/strong> im <strong>Zentrum<\/strong> steht.<\/p>\n<p>Entscheidend f\u00fcr den Aufbau einer Personenmarke ist, deine <strong>Eigenschaften<\/strong> und <strong>Werte<\/strong> zu kennen. Und nat\u00fcrlich ist es auch wichtig, dich klar zu positionieren.<\/p>\n<p>Beides gemeinsam f\u00fchrt dazu, dass du mehr <strong>Sichtbarkeit<\/strong> bekommst, weil du eben <strong>sympathischer<\/strong> und <strong>relevanter<\/strong> wirst. Deine Personal Brand schafft gleichzeitig ein <strong>unschlagbares<\/strong> <strong>Alleinstellungsmerkmal<\/strong>.&nbsp;<\/p><\/p>\n\n\n\n<p>Eng damit verbunden ist das Schubladen-Denken &#8230;<\/p>\n<\/div><\/div>\n\n\n\n<div class=\"wp-block-group blogbgcolor alignfull is-layout-constrained wp-block-group-is-layout-constrained\"><div class=\"wp-block-group__inner-container\">\n<h2 class=\"wp-block-heading\" id=\"iv2\"><strong>Warum denken Menschen in Schubladen \u2013<br>und warum ist das im Marketing wichtig?<\/strong><\/h2>\n\n\n\n<p>Auch wenn wir es gerne glauben w\u00fcrden, wir sind keineswegs so rational und \u00fcberlegt wie wir es gerne h\u00e4tten.<\/p>\n\n\n\n<p>Vielmehr <strong>entscheiden<\/strong> wir <strong>emotional<\/strong> \u2026 und vor allem unbewusst!<\/p>\n\n\n\n<p>Der gr\u00f6\u00dfte Teil unserer Entscheidungen \u2013 Experten sprechen dabei von bis zu 95% \u2013 trifft unser Gehirn v\u00f6llig automatisch.<\/p>\n\n\n\n<p><strong>Dabei m\u00f6chte es sich unser Gehirn so einfach wie m\u00f6glich machen. Und so steckt es alles was wir wahrnehmen in eine Schublade, um sp\u00e4tere Entscheidungen zu vereinfachen!<\/strong><\/p>\n\n\n\n<p>Beispiel gef\u00e4llig?<\/p>\n\n\n\n<p>Wei\u00dfer Mantel &#8230; Schublade auf und zack, wir wissen, dass die Person eine \u00c4rztin oder ein Krankenpfleger ist. Und vielleicht hast du sogar einen ganz bestimmten Charakter aus deiner Lieblings-Krankenhaus-Serie vor Augen. So schnell kann\u2019s gehen!<\/p>\n\n\n\n<h3 class=\"wp-block-heading\" id=\"iv3\">Was haben Kunden von deiner Personal Brand&nbsp;und Positionierung?&nbsp;<\/h3>\n\n\n\n<p>Mit deiner Personal Brand und deiner Position am Markt steckt dich deine Kunden sofort in die <strong>richtige<\/strong> <strong>Schublade<\/strong> \u2013 eben in die, in die du gesteckt werden willst.<\/p>\n\n\n\n<p>Weil sie sofort erkennen:<\/p>\n\n\n\n<ul>\n<li><strong>Wer du bist <\/strong>\u2013 und was f\u00fcr ein Typ du bist (Pers\u00f6nlichkeit)<\/li>\n\n\n\n<li><strong>Wof\u00fcr du stehst<\/strong> (Werte und Eigenschaften)<\/li>\n\n\n\n<li><strong>Was du f\u00fcr wen bietest <\/strong>(Angebot und Zielgruppe)<\/li>\n\n\n\n<li><strong>Welches Problem du wie l\u00f6st<\/strong> (Ergebnis und Nutzen)<\/li>\n<\/ul>\n\n\n\n<p><\/p>\n\n\n\n<p>Und das, ohne dich wirklich zu kennen. <strong>Erster Eindruck<\/strong> &#8230; zack &#8230; Schublade &#8230; und schon <strong>ziehst<\/strong> du die <strong>richtigen<\/strong> <strong>Kunden<\/strong> an! Aber nur, wenn du alles richtig gemacht hast.<\/p>\n\n\n\n<h3 class=\"wp-block-heading\" id=\"iv4\">Die Macht (d)eines starken ersten Eindrucks<\/h3>\n\n\n\n<p>Wenn du aber <strong>nicht sofort einsortierbar <\/strong>bist, also potenzielle Kunden bzw. ihr Unterbewusstsein <strong>l\u00e4nger<\/strong> <strong>\u00fcberlegen<\/strong> m\u00fcssen, dann gibt es zwei M\u00f6glichkeiten:<\/p>\n\n\n\n<p>Du wirst in die <strong>Krims-Krams-Schublade<\/strong> gesteckt. In die eine Schublade, in die alles rein kommt \u2013 aber nie wieder raus.<\/p>\n\n\n\n<p>Du wirst sofort wieder <strong>vergessen<\/strong>.<\/p>\n\n\n\n<p>Zudem ist es verdammt <strong>schwer<\/strong>, den <strong>ersten<\/strong> <strong>Eindruck<\/strong>, den jemand von dir hat, zu <strong>korrigieren<\/strong>. Wenn du mal in einer Schublade drin bist, kommst du nur schwer wieder raus.<\/p>\n\n\n\n<p>Alles nicht gerade sch\u00f6n und erfolgversprechend, oder?&nbsp;<\/p>\n\n\n\n<blockquote class=\"wp-block-quote\">\n<p>Also k\u00fcmmere dich darum, in welche Schublade du gesteckt wirst \u2013 deine Personal Brand und deine einzigartige Positionierung sind die L\u00f6sung!<\/p>\n<\/blockquote>\n<\/div><\/div>\n\n\n\n<div class=\"wp-block-group blogbgnocolor is-layout-constrained wp-block-group-is-layout-constrained\"><div class=\"wp-block-group__inner-container\">\n<h2 class=\"wp-block-heading\" id=\"iv5\">Die Vorteile von deiner Pers\u00f6nlichkeitsmarke und Positionierung<\/h2>\n\n\n\n<p>Wenn du in die richtige Schublade gesteckt wirst, hat das nat\u00fcrlich <strong>Vorteile:<\/strong><\/p>\n\n\n\n<h3 class=\"wp-block-heading\">Wiedererkennbarkeit<\/h3>\n\n\n\n<p>Wenn bei deiner Zielgruppe ein bestimmtes Problem entsteht oder Bed\u00fcrfnis aufkommen \u2013 also genau das was du l\u00f6st \u2013 sollte ihnen <strong>sofort<\/strong> ein <strong>Gedanke<\/strong> kommen: \u201eDaf\u00fcr kenn\u2018 ich genau den richtigen L\u00f6sungsbringer!\u201c<\/p>\n\n\n\n<p>Nat\u00fcrlich steht au\u00dfer Frage, dass du dieser L\u00f6sungsbringer bist.<\/p>\n\n\n\n<h3 class=\"wp-block-heading\">Expertenstatus<\/h3>\n\n\n\n<p>Wie schon geschrieben: Wenn dich deine Kunden nicht einordnen k\u00f6nnen, bist du raus. Egal wie hoch deine Expertise ist. Und wenn nicht, wird es verdammt schwer, dich als optimaler L\u00f6sungsbringer ins Spiel zu bringen. Vor allem, wenn andere Anbieter schon in der richtigen Schublade sitzen.<\/p>\n\n\n\n<p>Kannst du aber mit deiner <strong>Expertise<\/strong> ganz klar ein <strong>Thema<\/strong> und eine <strong>L\u00f6sung<\/strong> \u2013 und somit eine Schublade \u2013 besetzen, hast du den Kenn-ich-schon-Bonus. Und du wirst als Experte \u2013 als Expertin \u2013 auf diesem Gebiet gesehen.<\/p>\n\n\n\n<h3 class=\"wp-block-heading\">Sympathie statt gesichtslose Marke<\/h3>\n\n\n\n<p>Wenn du dich so zeigst, wie du bist \u2013 also mit deinen Werten, Eigenschaften sowie Ecken und Kanten, wirst du f\u00fcr potenzielle Kunden&nbsp;<strong>greifbar<\/strong> und eben \u201eeinordenbar\u201c.<\/p>\n\n\n\n<p>Sie wissen, wof\u00fcr du stehst, welcher Typ du bist und woran sie bei dir sind &#8230; und k\u00f6nnen sofort eine <strong>Beziehung<\/strong> zu dir <strong>aufbauen<\/strong>!<\/p>\n\n\n\n<h3 class=\"wp-block-heading\"><strong>Vertrauen, Orientierung und Sicherheit<\/strong><\/h3>\n\n\n\n<p>Alle dieses Punkte zusammen sorgen daf\u00fcr, dass du bei m\u00f6glichen K\u00e4ufern&nbsp;Vertrauen, Orientierung und Sicherheit schaffst.<\/p>\n\n\n\n<p>Und das <strong>erleichtert<\/strong> sie bei ihren <strong>Entscheidungen<\/strong> ungemein \u2013 Entscheidungen, ob sie \u2026<\/p>\n\n\n\n<p>\u2026 dir ihre Aufmerksamkeit schenken sollen.<\/p>\n\n\n\n<p>\u2026 sich n\u00e4her mit dir besch\u00e4ftigen sollen.<\/p>\n\n\n\n<p>\u2026 \u00fcber dein Angebot \u00fcberhaupt nachdenken sollen.<\/p>\n\n\n\n<p>\u2026 dich schlussendlich kaufen sollen.<\/p>\n<\/div><\/div>\n\n\n\n<div class=\"wp-block-group blogbgcolor alignfull is-layout-constrained wp-block-group-is-layout-constrained\"><div class=\"wp-block-group__inner-container\">\n<h2 class=\"wp-block-heading\" id=\"iv6\">Warum Personal Branding und Positionierung die Grundlage f\u00fcr dein Marketing sind<\/h2>\n\n\n\n<p>Du siehst, ein <a href=\"https:\/\/www.thomas-sommer.at\/blog\/personal-branding-personenmarke\/\">authentisches Personal Branding<\/a> und eine <a href=\"https:\/\/www.thomas-sommer.at\/blog\/alleinstellungsmerkmal-usp-mit-positionierung\/\">eindeutige Positionierung<\/a> haben zahlreiche Vorteile. Daneben sind sie auch die <strong>Grundlage<\/strong> f\u00fcr deine gesamte Vermarktung. Mit ihnen bestimmst du nicht nur dein eigentliches <strong>Angebot<\/strong> (die L\u00f6sung f\u00fcr deine Kunden). Sondern auch deinen <strong>gesamten<\/strong> <strong>Auftritt<\/strong> (Design und Stil) und alles was du <strong>kommunizierst<\/strong> (Inhalte, Emotionen, Storytelling, Wording, Medien).<\/p>\n\n\n\n<blockquote class=\"wp-block-quote\">\n<p>Du erleichterst dir dein Marketing ungemein. Weil du wei\u00dft, wo du stehst und was Sache ist \u2013 vom Angebot bis zu den Zielkunden \u2013 und was du bewusst von dir zeigst. Und du ziehst die richtigen Kunden an.<\/p>\n<\/blockquote>\n\n\n\n<h3 class=\"wp-block-heading\">Hand in Hand \u2013 die ultimative Kombination<\/h3>\n\n\n\n<p>Dabei ist dein Personal Branding nicht wichtiger oder unwichtiger als deine Positionierung. Vielmehr brauchst du <strong>beides<\/strong>, um wirkungsvoll handeln und zielgerichtet Marketing betreiben zu k\u00f6nnen.<\/p>\n<\/div><\/div>\n\n\n\n<div class=\"wp-block-group blogbgnocolor is-layout-constrained wp-block-group-is-layout-constrained\"><div class=\"wp-block-group__inner-container\">\n<h2 class=\"wp-block-heading\" id=\"iv7\">Personal Branding oder Positionierung \u2013 was kommt zuerst?<\/h2>\n\n\n\n<p>Viele z\u00e4umen dabei das Pferd aber von hinten auf. Das habe ich vor allem in meiner Zeit als Grafiker und Webdesigner gesehen.<\/p>\n\n\n\n<p>Ein schickes Logo und eine super Website stehen bei vielen Selbstst\u00e4ndigen im Vordergrund. \u00dcber ihr Angebot, ihre Zielgruppe, ihre Botschaften und \u00fcber ihre Pers\u00f6nlichkeit machen&nbsp; sich aber die wenigsten Gedanken. Wichtig ist ein sch\u00f6ner und schneller Auftritt \u2013 etwas, was man herzeigen kann.<\/p>\n\n\n\n<p>Aber genau dazu musst du dich <strong>zuerst<\/strong> <strong>eindeutig<\/strong> <strong>positionieren<\/strong> \u2013 und <strong>dann<\/strong> kannst du deine erfolgreiche <strong>Personal Brand aufbauen<\/strong>.&nbsp;<\/p>\n\n\n\n<p>Denn dein Design und Auftritt ist &#8230;<\/p>\n\n\n\n<p>1. der visuelle Ausdruck deiner Positionierung.<\/p>\n\n\n\n<p>2. nur ein Teil der Markenbildung bzw. Personal Brandings.<\/p>\n\n\n\n<p>Ohne dich zu positionieren&nbsp;wei\u00dft du nicht, welches Design deine Zielgruppe anspricht \u2013 weil du diese Menschen&nbsp;gar nicht kennst.<\/p>\n\n\n\n<p>Ohne deine Positionierung wei\u00dft du aber auch nicht, womit du \u00fcberhaupt Werbung machen sollst, weil du kein klares Angebot \u2013 keine L\u00f6sung \u2013 hast.<\/p>\n\n\n\n<p>Und ohne deine Pers\u00f6nlichkeit zu kennen, wei\u00dft du auch nicht, wof\u00fcr du stehst \u2013 was deine Werte und Eigenschaften sind. Und in welchem Stil du auftrittst.<\/p>\n\n\n\n<p>Also &#8230;<\/p>\n\n\n\n<blockquote class=\"wp-block-quote\">\n<p>K\u00fcmmere dich zuerst um deine Positionierung \u2013 also um dein Angebot und deine Zielgruppe. Und um den Aufbau einer Personal Brand. Vor allem in Bezug auf die Facetten deiner Pers\u00f6nlichkeit, die du ganz bewusst zeigen willst.<\/p>\n<\/blockquote>\n\n\n\n<p>Damit du <strong>sofort<\/strong> in die <strong>richtige<\/strong> <strong>Schublade<\/strong> gesteckt wirst.<\/p>\n\n\n\n<p>Und erst dann ist der richtige Zeitpunkt f\u00fcr Logo, Website und Co.<\/p>\n\n\n\n<\/div><\/div>\n\n\n\n<div class=\"wp-block-group blogbgcolor alignfull is-layout-constrained wp-block-group-is-layout-constrained\"><div class=\"wp-block-group__inner-container\">\n<h2 class=\"wp-block-heading\" id=\"iv8\"><strong>Was haben Personal Branding und Positionierung mit dem Alleinstellungs\u00ad\u00admerkmal (USP) zu tun?<\/strong><\/h2>\n\n\n\n<p>Das \u201eeine\u201c Merkmal, das dich einzigartig macht,&nbsp;gibt es schon lange nicht mehr \u2013 denn im Grunde kann <strong>alles<\/strong> <strong>kopiert<\/strong> <strong>werden<\/strong>. Auch dein Angebot.<\/p>\n\n\n\n<blockquote class=\"wp-block-quote\">\n<p>Und auch wenn es jetzt hart f\u00fcr dich ist:<br>Wissen und Methoden sind KEIN USP.<\/p>\n<\/blockquote>\n\n\n\n<p>Nur was dann?<\/p>\n\n\n\n<p>Ein <a href=\"https:\/\/www.thomas-sommer.at\/blog\/alleinstellungsmerkmal-vom-mitbewerb-abheben\/\">unschlagbares Alleinstellungsmerkmal<\/a> besteht heute aus mehreren Aspekten.<\/p>\n\n\n\n<p>Diese <a href=\"https:\/\/www.thomas-sommer.at\/Thomas-Sommer-Marketing-PersonalBranding-Positionierung_Alleinstellungsmerkmal-Fahrplan.html\">Aspekte kannst du aber nur ausarbeiten<\/a>, wenn du dich mit deiner Pers\u00f6nlichkeit, deiner Zielgruppe und deinem Angebot \u2013 aber auch deinen Mitbewerbern \u2013 besch\u00e4ftigst.<\/p>\n\n\n\n<p>Oder andersrum: <strong>Ohne Positionierung und Personal Branding<\/strong> bleibst du <strong>vergleichbar<\/strong> und <strong>kopierbar<\/strong>!<\/p>\n<\/div><\/div>\n\n\n\n<div class=\"wp-block-group blogbgnocolor is-layout-constrained wp-block-group-is-layout-constrained\"><div class=\"wp-block-group__inner-container\">\n<h2 class=\"wp-block-heading\">Fazit<\/h2>\n\n\n\n<p>Dein Personal Branding und deine Positionierung sind keine Trends, die bald wieder verschwinden. Und schon gar nicht sind sie ein nice-to-have.<\/p>\n\n\n\n<p>Vielmehr sind sie f\u00fcr dich und dein Unternehmen erfolgsentscheidend, da sie auf zahlreichen Ebenen wirken! Und du dir ein \u00fcberzeugendes Image aufbauen kannst.<\/p>\n\n\n\n<p>In diesem Sinn \u2013 bleib du selbst und gehe deinen eigenen Weg, dein<\/p>\n\n\n\n<figure class=\"wp-block-image is-resized tomsignature\"><img loading=\"lazy\" decoding=\"async\" width=\"150\" height=\"42\" src=\"https:\/\/thomas-sommer.at\/blog\/wp-content\/uploads\/2018\/04\/thomas-sommer-marketing-kommunikation-unterschrift_150.jpg\" alt=\"\" class=\"wp-image-6\" style=\"width:125px\"\/><\/figure>\n\n\n\n<p class=\"abstandvor25\"><strong>PS:&nbsp;<\/strong>Du bist dir \u00fcber deine Positionierung noch unklar oder bist dir unsicher, ob es wirklich sinnvoll ist, diesen oder jenen Aspekt deiner Pers\u00f6nlichkeit zu zeigen? Dann lass uns doch einfach ganz ungezwungen dar\u00fcber tratschen \u2013 ich bin mir sicher, dass ich dich unterst\u00fctzen kann!<\/p>\n<\/div><\/div>\n","protected":false},"excerpt":{"rendered":"<p>Personal Branding und Positionierung sind kein Marketing-Trend oder nice-to-have \u2013 sondern die Grundlage f\u00fcr mehr Aufmerksamkeit und Relevanz &#8230; und mehr Kunden. Genau darum solltest du dich sp\u00e4testens jetzt damit besch\u00e4ftigen und dich klar in den K\u00f6pfen deiner Kunden positionieren. Mit deinem Angebot, deinem Alleinstellungsmerkmal und deiner Pers\u00f6nlichkeit!<\/p>\n","protected":false},"author":1,"featured_media":1423,"comment_status":"open","ping_status":"open","sticky":false,"template":"","format":"standard","meta":{"footnotes":""},"categories":[16],"tags":[],"_links":{"self":[{"href":"https:\/\/www.thomas-sommer.at\/blog\/wp-json\/wp\/v2\/posts\/1330"}],"collection":[{"href":"https:\/\/www.thomas-sommer.at\/blog\/wp-json\/wp\/v2\/posts"}],"about":[{"href":"https:\/\/www.thomas-sommer.at\/blog\/wp-json\/wp\/v2\/types\/post"}],"author":[{"embeddable":true,"href":"https:\/\/www.thomas-sommer.at\/blog\/wp-json\/wp\/v2\/users\/1"}],"replies":[{"embeddable":true,"href":"https:\/\/www.thomas-sommer.at\/blog\/wp-json\/wp\/v2\/comments?post=1330"}],"version-history":[{"count":0,"href":"https:\/\/www.thomas-sommer.at\/blog\/wp-json\/wp\/v2\/posts\/1330\/revisions"}],"wp:featuredmedia":[{"embeddable":true,"href":"https:\/\/www.thomas-sommer.at\/blog\/wp-json\/wp\/v2\/media\/1423"}],"wp:attachment":[{"href":"https:\/\/www.thomas-sommer.at\/blog\/wp-json\/wp\/v2\/media?parent=1330"}],"wp:term":[{"taxonomy":"category","embeddable":true,"href":"https:\/\/www.thomas-sommer.at\/blog\/wp-json\/wp\/v2\/categories?post=1330"},{"taxonomy":"post_tag","embeddable":true,"href":"https:\/\/www.thomas-sommer.at\/blog\/wp-json\/wp\/v2\/tags?post=1330"}],"curies":[{"name":"wp","href":"https:\/\/api.w.org\/{rel}","templated":true}]}}